{"id":15,"count":1,"description":"","link":"https:\/\/www.ycbasque.org\/YCB\/events\/category\/admin\/assemblee-generale\/","name":"Assembl\u00e9e G\u00e9n\u00e9rale","slug":"assemblee-generale","taxonomy":"tribe_events_cat","parent":16,"meta":[],"_links":{"self":[{"href":"https:\/\/www.ycbasque.org\/YCB\/wp-json\/wp\/v2\/tribe_events_cat\/15","targetHints":{"allow":["GET"]}}],"collection":[{"href":"https:\/\/www.ycbasque.org\/YCB\/wp-json\/wp\/v2\/tribe_events_cat"}],"about":[{"href":"https:\/\/www.ycbasque.org\/YCB\/wp-json\/wp\/v2\/taxonomies\/tribe_events_cat"}],"up":[{"embeddable":true,"href":"https:\/\/www.ycbasque.org\/YCB\/wp-json\/wp\/v2\/tribe_events_cat\/16"}],"wp:post_type":[{"href":"https:\/\/www.ycbasque.org\/YCB\/wp-json\/wp\/v2\/tribe_events?tribe_events_cat=15"},{"href":"https:\/\/www.ycbasque.org\/YCB\/wp-json\/wp\/v2\/tec_calendar_embed?tribe_events_cat=15"}],"curies":[{"name":"wp","href":"https:\/\/api.w.org\/{rel}","templated":true}]}}